{"id":3412,"date":"2025-10-04T10:51:24","date_gmt":"2025-10-04T13:51:24","guid":{"rendered":"https:\/\/cbrc.com.ar\/v3\/boletin-mensual-octubre-2025\/"},"modified":"2025-10-04T10:51:24","modified_gmt":"2025-10-04T13:51:24","slug":"boletin-mensual-octubre-2025","status":"publish","type":"post","link":"https:\/\/cbrc.com.ar\/v3\/boletin-mensual-octubre-2025\/","title":{"rendered":"Bolet\u00edn Mensual Octubre 2025"},"content":{"rendered":"<p>Entre an\u00e9cdotas, desaf\u00edos y afectos: la despedida laboral de Patricia P\u00e9rez<\/p>\n<p>Tras m\u00e1s de tres d\u00e9cadas de trabajo ininterrumpido, Patricia P\u00e9rez se jubil\u00f3 y recibi\u00f3 un c\u00e1lido reconocimiento de sus compa\u00f1eros y de la Comisi\u00f3n Directiva. Su paso por el Centro marc\u00f3 una historia de compromiso, aprendizaje y valiosas experiencias compartidas.<\/p>\n<p>Luego de 35 a\u00f1os de trayectoria, Patricia P\u00e9rez se despidi\u00f3 del Centro de Bioqu\u00edmicos Regional R\u00edo Cuarto, instituci\u00f3n a la que lleg\u00f3 casi por casualidad y que se convirti\u00f3 en parte fundamental de su vida. En sus \u00faltimos a\u00f1os, se desempe\u00f1\u00f3 en la Caja de Consumo, desde donde acompa\u00f1\u00f3 el crecimiento del Centro, el avance de la tecnolog\u00eda y el fortalecimiento del v\u00ednculo con bioqu\u00edmicos, proveedores y colegas.<\/p>\n<p>\u201c<em>Llegu\u00e9 porque trabajaba en un laboratorio y se iban dos chicas. Conoc\u00eda a Don Gary y Kika, que eran los administradores, familiares de mi esposo y me propusieron sumarme. Ten\u00eda algo de conocimiento sobre facturaci\u00f3n, pero al principio tuve que aprender mucho. Empec\u00e9 en facturaci\u00f3n y luego pas\u00e9 a la caja<\/em>\u201d, recuerda Patricia sobre sus inicios.<\/p>\n<p>Con el paso del tiempo fue testigo de grandes transformaciones: <em>\u201cEl cambio m\u00e1s importante fue todo lo digital. Al principio era todo a mano y despu\u00e9s tuvimos que aprender a cargar \u00f3rdenes en computadora. Fue un proceso de adaptaci\u00f3n constante<\/em>\u201d.<\/p>\n<p><a href=\"https:\/\/cbrc.com.ar\/v3\/wp-content\/uploads\/2025\/10\/u5-PATRICIAC-2.jpg\"><img decoding=\"async\" class=\"attachment-thumbnail  aligncenter\" src=\"https:\/\/cbrc.com.ar\/v3\/wp-content\/uploads\/2025\/10\/u5-PATRICIAC-2-150x150.jpg\" alt=\"\" width=\"209\" height=\"209\" \/><\/a><\/p>\n<p>Su rol en la Caja de Consumo fue un desaf\u00edo especial: <em>\u201cPasar de la ventanilla y la facturaci\u00f3n a la caja implic\u00f3 estar atenta a vencimientos, manejar stock, proveedores, pedidos. Era otra din\u00e1mica, pero me gustaba mucho. Tambi\u00e9n disfrutaba del trato diario con bioqu\u00edmicos y comisionistas, y del desaf\u00edo de incorporar nuevos reactivos y tecnolog\u00edas\u201d.<\/em><\/p>\n<p>Entre los recuerdos m\u00e1s significativos, Patricia destaca el trabajo junto a Jorge Cisneros, quien fue su compa\u00f1ero en la caja: \u201c<em>Fue una etapa que recuerdo con mucho cari\u00f1o. Era una gran persona, divertido, aprend\u00ed mucho de \u00e9l. Estando la caja abajo, nos cruz\u00e1bamos todos los d\u00edas con todos, hab\u00eda m\u00e1s conexi\u00f3n. Ahora, al estar arriba, se siente m\u00e1s aislado<\/em>\u201d.<\/p>\n<p>La idea de \u201cayudar al bioqu\u00edmico\u201d fue el eje que marc\u00f3 su carrera: \u201c<em>Don Gary siempre nos recalcaba que est\u00e1bamos para solucionar problemas, no para crearlos. Aprend\u00ed que todos deb\u00edamos tirar para el mismo lado, trabajar en equipo y buscar siempre facilitar la tarea del bioqu\u00edmico\u201d.<\/em><\/p>\n<p>Adem\u00e1s de las responsabilidades laborales, Patricia atesora recuerdos llenos de compa\u00f1erismo y afecto: \u201c<em>Nos junt\u00e1bamos a celebrar cumplea\u00f1os o simplemente a compartir un asado. Cada una aportaba algo, eran momentos muy lindos. Tambi\u00e9n compartimos etapas personales importantes, como la crianza de nuestros hijos, llev\u00e1ndolos al mismo jard\u00edn y acompa\u00f1\u00e1ndonos mutuamente<\/em>\u201d.<\/p>\n<p style=\"text-align: center\"><a href=\"https:\/\/cbrc.com.ar\/v3\/wp-content\/uploads\/2025\/10\/u5-PATRICIA1-2.jpg\"><img fetchpriority=\"high\" decoding=\"async\" class=\"attachment-thumbnail \" src=\"https:\/\/cbrc.com.ar\/v3\/wp-content\/uploads\/2025\/10\/u5-PATRICIA1-2-150x150.jpg\" alt=\"\" width=\"233\" height=\"233\" \/><\/a><\/p>\n<p>En estos \u00faltimos a\u00f1os, la presencia de Ignacio en el equipo fue clave: \u201c<em>Despu\u00e9s del fallecimiento de Jorge, Ignacio fue un gran apoyo. Su formaci\u00f3n t\u00e9cnica aport\u00f3 mucho a la caja y trabajamos siempre codo a codo. Espero haberle transmitido algo de lo que yo aprend\u00ed\u201d.<\/em><\/p>\n<p>Hoy, Patricia inicia una nueva etapa con entusiasmo: \u201c<em>Esperaba este momento con muchas ganas. Quiero disfrutar del tiempo libre, de mi nieto, de mi familia. Sue\u00f1o con poder viajar, recorrer el pa\u00eds y pasar temporadas en Luyaba, un lugar que amo. Lo mejor es que mi esposo y yo estamos en la misma etapa, as\u00ed que podemos compartirlo juntos<\/em>\u201d.<\/p>\n<p>Con gratitud, afecto y el reconocimiento de todos sus compa\u00f1eros, Patricia se despide dejando una huella profunda en la historia del Centro de Bioqu\u00edmicos, donde su dedicaci\u00f3n, compromiso y calidez humana acompa\u00f1aron cada paso durante m\u00e1s de tres d\u00e9cadas.<\/p>\n<p style=\"text-align: center\"><a href=\"https:\/\/cbrc.com.ar\/v3\/wp-content\/uploads\/2025\/10\/u5-PATRICIA-1.jpg\"><img decoding=\"async\" class=\"attachment-thumbnail \" src=\"https:\/\/cbrc.com.ar\/v3\/wp-content\/uploads\/2025\/10\/u5-PATRICIA-1-150x150.jpg\" alt=\"\" width=\"224\" height=\"224\" \/><\/a><\/p>\n<p><a href=\"https:\/\/cbrc.com.ar\/v3\/wp-content\/uploads\/2025\/10\/u5-Boletin-Mensual-_pages-to-jpg-0002.jpg\"><img loading=\"lazy\" decoding=\"async\" class=\"attachment-thumbnail \" src=\"https:\/\/cbrc.com.ar\/v3\/wp-content\/uploads\/2025\/10\/u5-Boletin-Mensual-_pages-to-jpg-0002-150x150.jpg\" alt=\"\" width=\"167\" height=\"167\" \/><\/a> <a href=\"https:\/\/cbrc.com.ar\/v3\/wp-content\/uploads\/2025\/10\/u5-Boletin-Mensual-_pages-to-jpg-0003.jpg\"><img loading=\"lazy\" decoding=\"async\" class=\"attachment-thumbnail \" src=\"https:\/\/cbrc.com.ar\/v3\/wp-content\/uploads\/2025\/10\/u5-Boletin-Mensual-_pages-to-jpg-0003-150x150.jpg\" alt=\"\" width=\"166\" height=\"166\" \/><\/a><\/p>\n<ul class=\"wpuf_customs\"><\/ul>","protected":false},"excerpt":{"rendered":"<p>Entre an\u00e9cdotas, desaf\u00edos y afectos: la despedida laboral de Patricia P\u00e9rez Tras m\u00e1s de tres d\u00e9cadas de trabajo ininterrumpido, Patricia P\u00e9rez se jubil\u00f3 y recibi\u00f3 un c\u00e1lido reconocimiento de sus compa\u00f1eros y de la Comisi\u00f3n Directiva. Su paso por el Centro marc\u00f3 una historia de compromiso, aprendizaje y valiosas experiencias compartidas. Luego de 35 a\u00f1os [&hellip;]<\/p>\n","protected":false},"author":5,"featured_media":3409,"comment_status":"closed","ping_status":"open","sticky":false,"template":"","format":"standard","meta":{"_acf_changed":false,"site-sidebar-layout":"default","site-content-layout":"","ast-site-content-layout":"default","site-content-style":"default","site-sidebar-style":"default","ast-global-header-display":"","ast-banner-title-visibility":"","ast-main-header-display":"","ast-hfb-above-header-display":"","ast-hfb-below-header-display":"","ast-hfb-mobile-header-display":"","site-post-title":"","ast-breadcrumbs-content":"","ast-featured-img":"","footer-sml-layout":"","ast-disable-related-posts":"","theme-transparent-header-meta":"","adv-header-id-meta":"","stick-header-meta":"","header-above-stick-meta":"","header-main-stick-meta":"","header-below-stick-meta":"","astra-migrate-meta-layouts":"default","ast-page-background-enabled":"default","ast-page-background-meta":{"desktop":{"background-color":"var(--ast-global-color-4)","background-image":"","background-repeat":"repeat","background-position":"center center","background-size":"auto","background-attachment":"scroll","background-type":"","background-media":"","overlay-type":"","overlay-color":"","overlay-opacity":"","overlay-gradient":""},"tablet":{"background-color":"","background-image":"","background-repeat":"repeat","background-position":"center center","background-size":"auto","background-attachment":"scroll","background-type":"","background-media":"","overlay-type":"","overlay-color":"","overlay-opacity":"","overlay-gradient":""},"mobile":{"background-color":"","background-image":"","background-repeat":"repeat","background-position":"center center","background-size":"auto","background-attachment":"scroll","background-type":"","background-media":"","overlay-type":"","overlay-color":"","overlay-opacity":"","overlay-gradient":""}},"ast-content-background-meta":{"desktop":{"background-color":"var(--ast-global-color-5)","background-image":"","background-repeat":"repeat","background-position":"center center","background-size":"auto","background-attachment":"scroll","background-type":"","background-media":"","overlay-type":"","overlay-color":"","overlay-opacity":"","overlay-gradient":""},"tablet":{"background-color":"var(--ast-global-color-5)","background-image":"","background-repeat":"repeat","background-position":"center center","background-size":"auto","background-attachment":"scroll","background-type":"","background-media":"","overlay-type":"","overlay-color":"","overlay-opacity":"","overlay-gradient":""},"mobile":{"background-color":"var(--ast-global-color-5)","background-image":"","background-repeat":"repeat","background-position":"center center","background-size":"auto","background-attachment":"scroll","background-type":"","background-media":"","overlay-type":"","overlay-color":"","overlay-opacity":"","overlay-gradient":""}},"footnotes":""},"categories":[3],"tags":[],"class_list":["post-3412","post","type-post","status-publish","format-standard","has-post-thumbnail","hentry","category-noticias"],"acf":[],"_links":{"self":[{"href":"https:\/\/cbrc.com.ar\/v3\/wp-json\/wp\/v2\/posts\/3412","targetHints":{"allow":["GET"]}}],"collection":[{"href":"https:\/\/cbrc.com.ar\/v3\/wp-json\/wp\/v2\/posts"}],"about":[{"href":"https:\/\/cbrc.com.ar\/v3\/wp-json\/wp\/v2\/types\/post"}],"author":[{"embeddable":true,"href":"https:\/\/cbrc.com.ar\/v3\/wp-json\/wp\/v2\/users\/5"}],"replies":[{"embeddable":true,"href":"https:\/\/cbrc.com.ar\/v3\/wp-json\/wp\/v2\/comments?post=3412"}],"version-history":[{"count":1,"href":"https:\/\/cbrc.com.ar\/v3\/wp-json\/wp\/v2\/posts\/3412\/revisions"}],"predecessor-version":[{"id":3413,"href":"https:\/\/cbrc.com.ar\/v3\/wp-json\/wp\/v2\/posts\/3412\/revisions\/3413"}],"wp:featuredmedia":[{"embeddable":true,"href":"https:\/\/cbrc.com.ar\/v3\/wp-json\/wp\/v2\/media\/3409"}],"wp:attachment":[{"href":"https:\/\/cbrc.com.ar\/v3\/wp-json\/wp\/v2\/media?parent=3412"}],"wp:term":[{"taxonomy":"category","embeddable":true,"href":"https:\/\/cbrc.com.ar\/v3\/wp-json\/wp\/v2\/categories?post=3412"},{"taxonomy":"post_tag","embeddable":true,"href":"https:\/\/cbrc.com.ar\/v3\/wp-json\/wp\/v2\/tags?post=3412"}],"curies":[{"name":"wp","href":"https:\/\/api.w.org\/{rel}","templated":true}]}}